{"id":107,"date":"2019-04-25T07:22:17","date_gmt":"2019-04-25T05:22:17","guid":{"rendered":"https:\/\/prasiva2019.prorodiny.cz\/?p=107"},"modified":"2019-06-13T07:36:10","modified_gmt":"2019-06-13T05:36:10","slug":"program","status":"publish","type":"post","link":"https:\/\/prasiva2019.prorodiny.cz\/?p=107","title":{"rendered":"Program"},"content":{"rendered":"<p><strong>Are\u00e1l Kamenit\u00e9\u00a0(<a href=\"https:\/\/mapy.cz\/turisticka?vlastni-body&amp;x=18.4831980&amp;y=49.6444160&amp;z=14&amp;ut=49%C2%B038%2741.609%22N%2C%2018%C2%B028%2756.392%22E&amp;uc=9qde7xVWHr&amp;ud=49%C2%B038%2741.611%22N%2C%2018%C2%B028%2756.392%22E\">mapa<\/a>)<\/strong><\/p>\n<p>10.00 Zah\u00e1jen\u00ed a \u00favodn\u00ed program<br \/>\n10.45 M\u0161e svat\u00e1<br \/>\n11.45 \u010cas na sva\u010dinu, p\u011b\u0161\u00ed v\u00fdstup ke kostel\u00edku sv. Anton\u00edna na ho\u0159e Pra\u0161iv\u00e1<\/p>\n<p>Parkovi\u0161t\u011b pro farn\u00ed autobusy i osobn\u00ed auta bude zaji\u0161t\u011bno.<\/p>\n<p><a href=\"https:\/\/prasiva2019.prorodiny.cz\/wp-content\/uploads\/2019\/04\/NA-WEB-Mapa-parkov\u00e1n\u00ed-u-are\u00e1lu-Kamenit\u00e9.pdf\">Mapa parkov\u00e1n\u00ed u are\u00e1lu Kamenit\u00e9<\/a><\/p>\n<p><strong>Hora Pra\u0161iv\u00e1\u00a0(<a href=\"https:\/\/mapy.cz\/turisticka?source=base&amp;id=1834064&amp;q=pra%C5%A1iv%C3%A1&amp;l=1&amp;x=18.485706&amp;y=49.636674&amp;z=15http:\/\/\">mapa<\/a>)<\/strong><\/p>\n<p>12.30 Program na stanovi\u0161t\u00edch<br \/>\n15.30 Z\u00e1v\u011bre\u010dn\u00e9 po\u017eehn\u00e1n\u00ed<\/p>\n<p>Ministranti si s sebou vezm\u011bte liturgick\u00e9 oble\u010den\u00ed a kn\u011b\u017e\u00ed b\u00edl\u00e9 \u0161toly ke slaven\u00ed m\u0161e svat\u00e9.<\/p>\n<p><strong>POZOR! V p\u0159\u00edpad\u011b velmi nep\u0159\u00edzniv\u00e9ho po\u010das\u00ed se bude konat pouze m\u0161e svat\u00e1 v bazilice ve Fr\u00fddku. Pro aktu\u00e1ln\u00ed informace sledujte den p\u0159ed setk\u00e1n\u00edm do 18.00 hod. tento web.<\/strong><\/p>\n<p>M\u00e1te dotaz? Kontaktujte n\u00e1s na\u00a0<a href=\"mailto:kpc@doo.cz\">kpc@doo.cz<\/a>\u00a0nebo tel. 597 822 235.<\/p>\n","protected":false},"excerpt":{"rendered":"<p>Are\u00e1l Kamenit\u00e9\u00a0(mapa) 10.00 Zah\u00e1jen\u00ed a \u00favodn\u00ed program 10.45 M\u0161e svat\u00e1 11.45 \u010cas na sva\u010dinu, p\u011b\u0161\u00ed v\u00fdstup ke kostel\u00edku sv. Anton\u00edna na ho\u0159e Pra\u0161iv\u00e1 Parkovi\u0161t\u011b pro&hellip;<\/p>\n","protected":false},"author":1,"featured_media":153,"comment_status":"open","ping_status":"open","sticky":false,"template":"","format":"standard","meta":[],"categories":[3],"tags":[],"_links":{"self":[{"href":"https:\/\/prasiva2019.prorodiny.cz\/index.php?rest_route=\/wp\/v2\/posts\/107"}],"collection":[{"href":"https:\/\/prasiva2019.prorodiny.cz\/index.php?rest_route=\/wp\/v2\/posts"}],"about":[{"href":"https:\/\/prasiva2019.prorodiny.cz\/index.php?rest_route=\/wp\/v2\/types\/post"}],"author":[{"embeddable":true,"href":"https:\/\/prasiva2019.prorodiny.cz\/index.php?rest_route=\/wp\/v2\/users\/1"}],"replies":[{"embeddable":true,"href":"https:\/\/prasiva2019.prorodiny.cz\/index.php?rest_route=%2Fwp%2Fv2%2Fcomments&post=107"}],"version-history":[{"count":9,"href":"https:\/\/prasiva2019.prorodiny.cz\/index.php?rest_route=\/wp\/v2\/posts\/107\/revisions"}],"predecessor-version":[{"id":226,"href":"https:\/\/prasiva2019.prorodiny.cz\/index.php?rest_route=\/wp\/v2\/posts\/107\/revisions\/226"}],"wp:featuredmedia":[{"embeddable":true,"href":"https:\/\/prasiva2019.prorodiny.cz\/index.php?rest_route=\/wp\/v2\/media\/153"}],"wp:attachment":[{"href":"https:\/\/prasiva2019.prorodiny.cz\/index.php?rest_route=%2Fwp%2Fv2%2Fmedia&parent=107"}],"wp:term":[{"taxonomy":"category","embeddable":true,"href":"https:\/\/prasiva2019.prorodiny.cz\/index.php?rest_route=%2Fwp%2Fv2%2Fcategories&post=107"},{"taxonomy":"post_tag","embeddable":true,"href":"https:\/\/prasiva2019.prorodiny.cz\/index.php?rest_route=%2Fwp%2Fv2%2Ftags&post=107"}],"curies":[{"name":"wp","href":"https:\/\/api.w.org\/{rel}","templated":true}]}}